{"id":6735,"date":"2026-04-29T15:02:53","date_gmt":"2026-04-29T15:02:53","guid":{"rendered":"https:\/\/upsteam.es\/?p=6735"},"modified":"2026-04-29T15:03:30","modified_gmt":"2026-04-29T15:03:30","slug":"jornada-steam-2026-upv-valencia-20-de-mayo","status":"publish","type":"post","link":"https:\/\/upsteam.es\/va\/jornada-steam-2026-upv-valencia-20-de-mayo","title":{"rendered":"Jornada STEAM 2026 \u00b7 UPV Val\u00e8ncia \u00b7 20 de maig"},"content":{"rendered":"<!-- ============================================================\n     ENTRADA WORDPRESS \u00b7 Jornada profesorado Up! Steam\n     Pegar en widget HTML de Elementor o en editor en modo HTML\n     ============================================================ -->\n\n<div class=\"ups7-post\">\n\n  <!-- Cabecera con datos clave -->\n  <div class=\"ups7-post__intro\">\n    <p class=\"ups7-post__lead\">\n      <strong>20 de maig de 2026<\/strong> \u00b7 UPV \u2013 Edifici Nexus \u00b7 8 hores de doc\u00e8ncia presencial \u00b7 \n      <em>Reconegut per la Generalita Valenciana com a material de valor educatiu.<\/em>\n    <\/p>\n  <\/div>\n\n  <p>El pr\u00f2xim <strong>20 de maig<\/strong> celebrarem a l'edifici Nexus de UPV la jornada <strong>\u00abSTEAM amb un impacte real: de l'aula a la societat (i de tornada)\u00bb<\/strong>, un programa adre\u00e7at als mestres d' <strong>educaci\u00f3 prim\u00e0ria, secund\u00e0ria, batxillerat i formaci\u00f3 professional<\/strong>. L'esdeveniment ha estat reconegut com a de valor educatiu per la <strong>Generalitat Valenciana<\/strong>, es dur\u00e0 a terme presencialment i durar\u00e0 <strong>vuit hores<\/strong>.<\/p>\n\n  <p>La jornada naix des de l'experi\u00e8ncia de <strong>Up! STEAM<\/strong>, un programa en qu\u00e8 els estudiants desenvolupen prototips, aplicacions, videojocs i solucions amb un impacte social, mentre perfeccionen la seua creativitat, el pensament computacional, el disseny, la comunicaci\u00f3 i les habilitats de treball en equip. Despr\u00e9s de set edicions, Up! STEAM ja ha reunit <strong>m\u00e9s de 13.600 participants, 257 centres educatius i un 48% de xiques<\/strong>.<\/p>\n\n  <p>No \u00e9s una jornada pensada nom\u00e9s per a aquells que participen en el programa. Est\u00e0 dissenyat com una sessi\u00f3 de formaci\u00f3 \u00fatil per a <strong>qualsevol professor<\/strong> que vulga portar a l'aula projectes STEAM millor dissenyats i avaluats, que estiguin m\u00e9s connectats amb la realitat.<\/p>\n\n  <h2>Una jornada pr\u00e0ctica i pegada a l\u2019aula<\/h2>\n\n  <p>Durant <strong>el mat\u00ed<\/strong> s\u2019abordaran q\u00fcestions clau per al professorat: com passar d\u2019una idea a un projecte viable, com avaluar-lo amb eines realistes, com incorporar <strong>IA amb criteri<\/strong>, com afavorir la participaci\u00f3 de tot l'alumnat i com millorar la comunicaci\u00f3 cient\u00edfica a l'aula.<\/p>\n\n  <p>A la <strong>vesprada<\/strong>, la formaci\u00f3 continuar\u00e0 en la <strong>Fira de Projectes Finalistes  d'Up! STEAM<\/strong>, que convertir\u00e0 en un espai d'observaci\u00f3 professional. Els docents participants podran analitzar projectes reals, identificar proves d'aprenentatge i avaluar les presentacions mitjan\u00e7ant una r\u00fabrica compartida. Aquesta avaluaci\u00f3 tamb\u00e9 conduir\u00e0 al reconeixement per a <strong>Projecte amb la millor presentaci\u00f3<\/strong>.<\/p>\n\n  <blockquote class=\"ups7-post__quote\">\n    L'\u00e8xit en aquesta activitat requerir\u00e0 un <strong>Assist\u00e8ncia m\u00ednima del 85%<\/strong>.\n  <\/blockquote>\n\n  <h2>Emilio Gonz\u00e1lez, mestre de cerim\u00f2nies<\/h2>\n\n  <p>La jornada comptar\u00e0 amb <strong>Emilio Gonz\u00e1lez<\/strong> com a presentador, una figura molt coneguda en la divulgaci\u00f3 educativa i cient\u00edfica. Professor amb un doctorat en F\u00edsica, \u00e9s actiu en plataformes com ara <a href=\"https:\/\/www.instagram.com\/emilioprofe.science\/\" target=\"_blank\" rel=\"noopener\">@emilioprofe.science<\/a> i aportar\u00e0 a la jornada un to pr\u00f2xim, din\u00e0mic i molt connectat amb l\u2019ensenyament de les ci\u00e8ncies.<\/p>\n\n  <h2>Programa del dia<\/h2>\n\n  <table class=\"ups7-post__schedule\">\n    <thead>\n      <tr>\n        <th>Horari<\/th>\n        <th>Sessi\u00f3<\/th>\n      <\/tr>\n    <\/thead>\n    <tbody>\n      <tr><td>09:15 \u2013 09:30<\/td><td>Inscripci\u00f3 i recollida de materials<\/td><\/tr>\n      <tr><td>09:30 \u2013 09:45<\/td><td>Benvinguda institucional<\/td><\/tr>\n      <tr><td>09:45 \u2013 10:00<\/td><td>STEAM que marca la difer\u00e8ncia: qu\u00e8 mostra l'evid\u00e8ncia que funciona a l'aula<\/td><\/tr>\n      <tr><td>10:00 \u2013 10:30<\/td><td>IA en l'educaci\u00f3: \u00e8tica, seguretat, avaluaci\u00f3 i limitacions<\/td><\/tr>\n      <tr class=\"ups7-post__break\"><td>10.30 \u2013 10.50<\/td><td>Pausa per al caf\u00e8<\/td><\/tr>\n      <tr><td>10.50 \u2013 11.30<\/td><td>De la idea al projecte: com tirar-ho endavant sense morir en el proc\u00e9s<\/td><\/tr>\n      <tr><td>11.30 h \u2013 12.10 h<\/td><td>Avaluar projectes STEAM sense el drama<\/td><\/tr>\n      <tr><td>12:10 \u2013 12:30<\/td><td>Les millors pr\u00e0ctiques que escalen<\/td><\/tr>\n      <tr><td>12.30 \u2013 1.10 p.m.<\/td><td>STEAM amb impacte social: de l'aula a la comunitat m\u00e9s \u00e0mplia<\/td><\/tr>\n      <tr><td>13.10 \u2013 13.30<\/td><td>STEAM-Libre: eines accessibles per a l'aula<\/td><\/tr>\n      <tr><td>13.30 \u2013 13.50<\/td><td>Comunicaci\u00f3 cient\u00edfica a l'aula: presentacions que demostren l'aprenentatge<\/td><\/tr>\n      <tr><td>13.50 \u2013 14.00<\/td><td>Descripci\u00f3 de la sessi\u00f3 de la vesprada<\/td><\/tr>\n      <tr class=\"ups7-post__break\"><td>14.00 \u2013 15.30<\/td><td>Rep\u00f2s<\/td><\/tr>\n      <tr><td>15:30<\/td><td>Supervisi\u00f3 de l'assist\u00e8ncia<\/td><\/tr>\n      <tr><td>15.30 - 18.30 h<\/td><td>Visita a la Fira de Projectes<\/td><\/tr>\n      <tr><td>18.30 - 20.00 h<\/td><td>Cerim\u00f2nia de premis<\/td><\/tr>\n    <\/tbody>\n  <\/table>\n\n  <h2>Jornada amb suport institucional<\/h2>\n\n  <div class=\"ups7-post__institutional\">\n    <p>Aquest curs est\u00e0 acreditat per la <strong>CEFIRE Centre per a la Innovaci\u00f3 Educativa<\/strong>, depenent del <strong>Direcci\u00f3 General d'Innovaci\u00f3 i Inclusi\u00f3 Educativa<\/strong> de la Generalitat Valenciana<\/p>\n    <p>El seu director, <strong>Vicent Part Julio<\/strong>, ha promogut la inclusi\u00f3 del taller en el programa oficial de formaci\u00f3 de docents, garantint aix\u00ed la seua validesa com a activitat reconeguda amb valor educatiu.<\/p>\n  <\/div>\n\n  <h2>Registreu-vos<\/h2>\n\n  <p>La inscripci\u00f3 es realitza a trav\u00e9s de <strong>OVIFOR<\/strong> de la Generalitat Valenciana. Per trobar la jornada, <strong>filtra per \u00abCEFIRE Innovaci\u00f3 Educativa\u00bb<\/strong> i apareixeran tots els detalls necessaris per completar el vostre registre.<\/p>\n\n  <p class=\"ups7-post__cta-wrap\">\n    <a class=\"ups7-post__cta\" href=\"https:\/\/ovifor.edu.gva.es\/ovifor\/\" target=\"_blank\" rel=\"noopener\">\n      Registra't a OVIFOR \u2192\n    <\/a>\n  <\/p>\n\n  <p class=\"ups7-post__note\">\n    <em>Places limitades \u00b7 Inscripci\u00f3 gratu\u00efta \u00b7 Assist\u00e8ncia m\u00ednima: 85 %<\/em>\n  <\/p>\n\n<\/div>\n\n<style>\n  .ups7-post { max-width: 760px; margin: 0 auto; }\n\n  .ups7-post__intro {\n    background: linear-gradient(90deg, rgba(230,0,126,0.08) 0%, rgba(26,79,216,0.06) 100%);\n    border-left: 4px solid #E6007E;\n    padding: 18px 22px;\n    margin: 0 0 28px;\n    border-radius: 4px;\n  }\n  .ups7-post__lead { margin: 0; font-size: 16px; line-height: 1.5; }\n\n  .ups7-post h2 {\n    margin-top: 40px;\n    margin-bottom: 14px;\n    font-weight: 800;\n    letter-spacing: -0.01em;\n  }\n\n  .ups7-post__quote {\n    border-left: 4px solid #F58220;\n    background: #fff7ef;\n    padding: 14px 20px;\n    margin: 24px 0;\n    font-size: 15px;\n    border-radius: 0 4px 4px 0;\n  }\n\n  .ups7-post__schedule {\n    width: 100%;\n    border-collapse: collapse;\n    margin: 16px 0 24px;\n    font-size: 14.5px;\n  }\n  .ups7-post__schedule th {\n    background: #1a1a1a;\n    color: #fff;\n    text-align: left;\n    padding: 10px 14px;\n    font-weight: 700;\n    text-transform: uppercase;\n    font-size: 12px;\n    letter-spacing: 1px;\n  }\n  .ups7-post__schedule td {\n    padding: 10px 14px;\n    border-bottom: 1px solid #ececec;\n    vertical-align: top;\n  }\n  .ups7-post__schedule td:first-child {\n    font-weight: 700;\n    color: #E6007E;\n    white-space: nowrap;\n    width: 130px;\n  }\n  .ups7-post__schedule tr.ups7-post__break td {\n    background: #f7f7f7;\n    color: #8a8a8a;\n    font-style: italic;\n  }\n  .ups7-post__schedule tr.ups7-post__break td:first-child { color: #8a8a8a; }\n\n  .ups7-post__institutional {\n    background: #f7f9ff;\n    border: 1px solid #dde4f5;\n    border-left: 4px solid #1A4FD8;\n    padding: 18px 22px;\n    border-radius: 4px;\n    margin: 16px 0 24px;\n  }\n  .ups7-post__institutional p { margin: 0 0 10px; }\n  .ups7-post__institutional p:last-child { margin-bottom: 0; }\n\n.ups7-post a.ups7-post__cta,\n.ups7-post a.ups7-post__cta:link,\n.ups7-post a.ups7-post__cta:visited,\n.ups7-post a.ups7-post__cta:hover,\n.ups7-post a.ups7-post__cta:focus,\n.ups7-post a.ups7-post__cta:active {\n  display: inline-block;\n  background: #E6007E;\n  color: #ffffff !important;\n  text-decoration: none !important;\n  font-weight: 800;\n  text-transform: uppercase;\n  letter-spacing: 0.5px;\n  padding: 16px 32px;\n  border-radius: 4px;\n  font-size: 15px;\n  box-shadow: 0 4px 14px rgba(230,0,126,0.35);\n  transition: transform 160ms ease, box-shadow 160ms ease, background 160ms ease;\n  border-bottom: none !important;\n}\n\n.ups7-post a.ups7-post__cta:hover {\n  background: #B80064;\n  color: #ffffff !important;\n  transform: translateY(-2px);\n  box-shadow: 0 8px 22px rgba(230,0,126,0.45);\n}\n\n  .ups7-post__note {\n    text-align: center;\n    color: #8a8a8a;\n    font-size: 13px;\n    margin-top: 0;\n  }\n\n  @media (max-width: 560px) {\n    .ups7-post__schedule { font-size: 13px; }\n    .ups7-post__schedule td:first-child { width: 100px; }\n    .ups7-post__schedule th, .ups7-post__schedule td { padding: 8px 10px; }\n  }\n<\/style>","protected":false},"excerpt":{"rendered":"<p>20 de mayo de 2026 \u00b7 UPV \u2013 Edificio Nexus \u00b7 8 h presenciales \u00b7 Reconocida de inter\u00e9s formativo por la Generalitat Valenciana El pr\u00f3ximo 20 de mayo celebraremos en la UPV \u2013 Edificio Nexus la jornada \u00abSTEAM con impacto real: del aula a la sociedad (y vuelta)\u00bb, una propuesta dirigida a profesorado de Primaria,&hellip;&nbsp;<a href=\"https:\/\/upsteam.es\/va\/jornada-steam-2026-upv-valencia-20-de-mayo\" rel=\"bookmark\">Llegiu m\u00e9s &raquo;<span class=\"screen-reader-text\">Jornada STEAM 2026 \u00b7 UPV Val\u00e8ncia \u00b7 20 de maig<\/span><\/a><\/p>","protected":false},"author":1,"featured_media":6742,"comment_status":"closed","ping_status":"open","sticky":false,"template":"","format":"standard","meta":{"_seopress_robots_primary_cat":"none","_seopress_titles_title":"Jornada profesorado STEAM 2026 \u00b7 UPV Valencia | Up! Steam","_seopress_titles_desc":"Formaci\u00f3n reconocida por la GVA para profesorado de Primaria, ESO, Bach y FP. 20 mayo 2026, UPV Nexus. IA, evaluaci\u00f3n STEAM y feria de proyectos.","_seopress_robots_index":"","neve_meta_sidebar":"","neve_meta_container":"","neve_meta_enable_content_width":"","neve_meta_content_width":0,"neve_meta_title_alignment":"","neve_meta_author_avatar":"","neve_post_elements_order":"","neve_meta_disable_header":"","neve_meta_disable_footer":"","neve_meta_disable_title":"","footnotes":""},"categories":[11],"tags":[],"class_list":["post-6735","post","type-post","status-publish","format-standard","has-post-thumbnail","hentry","category-noticias"],"_links":{"self":[{"href":"https:\/\/upsteam.es\/va\/wp-json\/wp\/v2\/posts\/6735","targetHints":{"allow":["GET"]}}],"collection":[{"href":"https:\/\/upsteam.es\/va\/wp-json\/wp\/v2\/posts"}],"about":[{"href":"https:\/\/upsteam.es\/va\/wp-json\/wp\/v2\/types\/post"}],"author":[{"embeddable":true,"href":"https:\/\/upsteam.es\/va\/wp-json\/wp\/v2\/users\/1"}],"replies":[{"embeddable":true,"href":"https:\/\/upsteam.es\/va\/wp-json\/wp\/v2\/comments?post=6735"}],"version-history":[{"count":8,"href":"https:\/\/upsteam.es\/va\/wp-json\/wp\/v2\/posts\/6735\/revisions"}],"predecessor-version":[{"id":6748,"href":"https:\/\/upsteam.es\/va\/wp-json\/wp\/v2\/posts\/6735\/revisions\/6748"}],"wp:featuredmedia":[{"embeddable":true,"href":"https:\/\/upsteam.es\/va\/wp-json\/wp\/v2\/media\/6742"}],"wp:attachment":[{"href":"https:\/\/upsteam.es\/va\/wp-json\/wp\/v2\/media?parent=6735"}],"wp:term":[{"taxonomy":"category","embeddable":true,"href":"https:\/\/upsteam.es\/va\/wp-json\/wp\/v2\/categories?post=6735"},{"taxonomy":"post_tag","embeddable":true,"href":"https:\/\/upsteam.es\/va\/wp-json\/wp\/v2\/tags?post=6735"}],"curies":[{"name":"wp","href":"https:\/\/api.w.org\/{rel}","templated":true}]}}